{"id":5201,"date":"2013-10-29T09:10:40","date_gmt":"2013-10-29T08:10:40","guid":{"rendered":"http:\/\/www.operapoint.com\/?p=5201"},"modified":"2013-12-03T20:26:16","modified_gmt":"2013-12-03T19:26:16","slug":"wozzeck-darmstadt-staatstheater","status":"publish","type":"post","link":"http:\/\/www.operapoint.com\/?p=5201","title":{"rendered":"WOZZECK &#8211; Darmstadt, Staatstheater"},"content":{"rendered":"<blockquote>\n<p align=\"left\">von <b>Manfred Gurlitt<\/b> (1890-1972), Musikalische Trag\u00f6die in 18 Szenen und einem Epilog, Libretto: Manfred Gurlitt nach dem Fragment von Georg B\u00fcchner, UA: 22. April 1926 Bremen, Stadttheater<\/p>\n<p align=\"left\">von <b>Alban Berg<\/b> (1885-1935), Oper in drei Akten, Libretto: Alban Berg nach dem Fragment von Georg B\u00fcchner, UA: 14. Dezember 1925 Berlin, Staatsoper und den Linden<\/p>\n<p align=\"left\">Regie: John Dew, B\u00fchne: Dirk Hofacker, Kost\u00fcme: Jos\u00e9-Manuel V\u00e1zquez, Licht: John Dew, Dieter G\u00f6ckel, Dirk Hofacker, Heiko Steuernagel<\/p>\n<p align=\"left\">Dirigent: Martin Lukas Meister, Orchester und Chor des Staatstheater Darmstadt, Choreinstudierung: Markus Baisch<\/p>\n<p align=\"left\"><b><i>Wozzeck<\/i><\/b><b> (Gurlitt)<\/b><\/p>\n<p align=\"left\">Solisten: David Pichlmaier (Wozzeck), Anja Vincken (Marie), Thomas Mehnert (Hauptmann), Lasse Penttinen (Doktor), Minseok Kim (Andres), Oleksandr Prytolyok (Tambourmajor)<\/p>\n<p align=\"left\"><b><i>Wozzeck<\/i><\/b> (<b>Berg<\/b>)<\/p>\n<p align=\"left\">Solisten: Ralf Lukas (Wozzeck), Joel Montero (Tambourmajor), Minseok Kim (Andres), Peter Koppelmann (Hauptmann), Thomas Mehnert (Doktor), Yamina Maamar (Marie) u. a.<\/p>\n<p align=\"left\">Besuchte Auff\u00fchrung: 27. Oktober 2013 (Premiere)<\/p>\n<\/blockquote>\n<p align=\"left\"><b><a href=\"http:\/\/www.operapoint.com\/wp-content\/uploads\/2013\/10\/Darmstsdt-wozzeck_gurlitt_01.jpg\"><img loading=\"lazy\" decoding=\"async\" class=\"alignright size-full wp-image-5204\" alt=\"Wozzeck Manfred Gurlitt | Oper nach dem Dramenfragment Woyzeck von Georg B\u00fcchner | Premiere 27.10.2013 | Staatstheater Darmstadt Musikalische Leitung Martin Lukas Meister Inszenierung John Dew B\u00fchne Dirk Hofacker Kost\u00fcme Jos\u00e9-Manuel V\u00e1zquez Choreinstudier\" src=\"http:\/\/www.operapoint.com\/wp-content\/uploads\/2013\/10\/Darmstsdt-wozzeck_gurlitt_01.jpg\" width=\"350\" height=\"233\" srcset=\"http:\/\/www.operapoint.com\/wp-content\/uploads\/2013\/10\/Darmstsdt-wozzeck_gurlitt_01.jpg 350w, http:\/\/www.operapoint.com\/wp-content\/uploads\/2013\/10\/Darmstsdt-wozzeck_gurlitt_01-300x199.jpg 300w\" sizes=\"auto, (max-width: 350px) 100vw, 350px\" \/><\/a>Vorbemerkung <\/b><\/p>\n<p align=\"left\">In diesem Jahr k\u00f6nnen zwei Jubil\u00e4en gefeiert werden: Vor 200 Jahren wurde Georg B\u00fcchner, Autor des <i>Woyzeck<\/i>, geboren; erst 100 Jahre sp\u00e4ter, 1913, kam das Fragment zur Urauff\u00fchrung. Das Staatstheater Darmstadt ehrte den Jubilar mit zwei Woyzeck-Opern an einem Abend: Alban Bergs bekannte Vertonung und die fast zeitgleich entstandene \u2013 aber im Schatten der Bergschen Fassung stehende \u2013 Version von Manfred Gurlitt.<\/p>\n<p align=\"left\"><b>Kurzinhalt<\/b><\/p>\n<p align=\"left\">Der einfache Soldat Franz Wozzeck arbeitet als Barbier bei seinem Hauptmann, um seine Geliebte Marie und ihr gemeinsames Kind finanziell zu unterst\u00fctzen. Da auch dies nicht zum \u00dcberleben reicht, bietet er sich (in Bergs Fassung) dem Doktor f\u00fcr medizinische Versuche an. Hauptmann und Doktor schikanieren Wozzeck nicht nur physisch und psychisch, sondern verh\u00f6hnen ihn auch wegen Maries Untreue. Diese hat heimlich eine Aff\u00e4re mit dem Tambourmajor begonnen. Geplagt von Todesvisionen und dem Betrug Maries beschlie\u00dft Wozzeck, seine Geliebte umzubringen. Nachts f\u00fchrt er Marie in den Wald und ersticht sie. Wozzeck ertrinkt beim Versuch, sich vom Blut zu reinigen.<\/p>\n<p align=\"left\">Gurlitts Epilog zeigt Wozzecks Leiche auf dem Seziertisch.<\/p>\n<p align=\"left\">Bei Berg widmet sich die Schlu\u00dfszene dem alleingelassenen Kind.<\/p>\n<p align=\"left\"><b>Auff\u00fchrung<\/b><\/p>\n<p align=\"left\">Zwei Opern, aber eine Handlung: Dieser Aufgabe stellten sich B\u00fchnenbildner, Kost\u00fcmbildner und Regisseur. Die L\u00f6sung bestand in zwei g\u00e4nzlich verschiedenen Szenerien, die aber \u00e4hnlich funktionierten. In Gurlitts Oper, die zuerst gespielt wurde, setzte das Team die Drehb\u00fchne ein. Eine wandlungsf\u00e4hige Betonwand konnte mit ihrer Hilfe verschiedene Positionen einnehmen und trennte so die 18 schnell aufeinander folgenden Szenen. Das Licht charakterisierte: neblig-gr\u00fcnes Licht beleuchtete die Waldszene, grell bunte Farben das Tanzlokal.<\/p>\n<p align=\"left\">Spielte sich dies alles in der horizontalen Ebene ab, kam bei der Inszenierung der Oper Bergs die Vertikale zum Tragen. Statt der Dreh- wurde nun die Hebeb\u00fchne genutzt, um die kurzen Szenen voneinander zu unterscheiden. Bezeichnend war die Darstellung des Sees: Sowohl Teile des B\u00fchnenbodens, als auch des Schn\u00fcrbodens ahmten die Wellenbewegungen der Fluten nach. Die Kost\u00fcme orientieren sich zun\u00e4chst an der Kleidung des Biedermeier, der Entstehungszeit des Textes, dann \u2013 in der Berg-Oper \u2013 an der Mode der 20er-Jahre, der Entstehungszeit der Komposition.<\/p>\n<p align=\"left\"><b><a href=\"http:\/\/www.operapoint.com\/wp-content\/uploads\/2013\/10\/Darmstadt-wozzeck2.jpg\"><img loading=\"lazy\" decoding=\"async\" class=\"alignright size-full wp-image-5205\" alt=\"Wozzeck Alban Berg | Oper nach dem Dramenfragment Woyzeck von Georg B\u00fcchner | Premiere 27.10.2013 | Staatstheater Darmstadt Musikalische Leitung Martin Lukas Meister Inszenierung John Dew B\u00fchne Dirk Hofacker Kost\u00fcme Jos\u00e9-Manuel V\u00e1zquez Choreinstudierung M\" src=\"http:\/\/www.operapoint.com\/wp-content\/uploads\/2013\/10\/Darmstadt-wozzeck2.jpg\" width=\"233\" height=\"350\" srcset=\"http:\/\/www.operapoint.com\/wp-content\/uploads\/2013\/10\/Darmstadt-wozzeck2.jpg 233w, http:\/\/www.operapoint.com\/wp-content\/uploads\/2013\/10\/Darmstadt-wozzeck2-199x300.jpg 199w\" sizes=\"auto, (max-width: 233px) 100vw, 233px\" \/><\/a>S\u00e4nger und Orchester<\/b><\/p>\n<p align=\"left\">Obwohl beide Opern aus der gleichen Zeit stammen, ist ihre Musiksprache doch vollkommen unterschiedlich. Stellen die Werke f\u00fcr sich genommen schon hohe Anforderungen an die Musiker; sich an einem Abend solch unterschiedlichen Klangwelten zu widmen, erforderte es dar\u00fcber hinaus Mut und Konzentration. Diesen Mut und auch die Konzentration brachte das Darmst\u00e4dter Orchester unter <b>Martin Lukas Meister<\/b> auf. Nuancenreich sezierten sie die Klangeffekte der Bergschen Musik, kammermusikalisch zur\u00fcckhaltend blieb das Ensemble bei Gurlitt. Nur selten \u00fcbert\u00f6nte das Orchester die S\u00e4nger.<\/p>\n<p align=\"left\"><b>Anja Vincken <\/b>als Marie sang die lyrischen Passagen zwar kr\u00e4ftig, blieb in den melodramatischen aber oft unverst\u00e4ndlich. <b>David Pichlmaiers<\/b> Interpretation des Wozzeck beeindruckte durch die Flexibilit\u00e4t der Stimme<b>, <\/b>aber auch durch sein dramatisches Spiel.<\/p>\n<p align=\"left\">Stimmgewaltiger ging es bei Berg zu: Hier brillierte <b>Yamina Maamar<\/b> mit ihrem warmen Sopran. Durchsetzungsstark, manchmal auch st\u00e4hlern hart zog ihre Marie alle Aufmerksamkeit auf sich. Dem setzte <b>Ralf Lukas<\/b> seinen sonoren Bariton entgegen. Mal verzweifelt kraftvoll, meist aber hoffnungslos br\u00fcchig, zeigte er ein vielschichtiges Psychogramm des Soldaten Wozzeck. Am\u00fcsant karikierten <b>Peter Koppelmann<\/b> und <b>Thomas Mehnert<\/b> Hauptmann und Doktor, <b>Joel Montero<\/b> lie\u00df in seinem kurzen Auftritt als Tambourmajor seinen schneidigen Tenor h\u00f6ren. Auch <b>Minseok Kim<\/b>, der als einziger in beiden Opern die gleiche Rolle (Andres) verk\u00f6rperte, setzte in seinen wenigen Eins\u00e4tzen angenehme Akzente.<\/p>\n<p align=\"left\"><b>Fazit<\/b><\/p>\n<p align=\"left\">Der Abend war eine Herausforderung f\u00fcr alle Beteiligten \u2013 auch f\u00fcr das Publikum, das sich zweimal hintereinander mit einem nahezu identischen Text auseinandersetzen mu\u00dfte. Doch das Wagnis hat sich gelohnt, die musikalische Leistung war grandios und das Regiekonzept \u00fcberzeugend. Begeistert beklatschte das Publikum Musiker, S\u00e4nger und Regieteam.<\/p>\n<p align=\"left\">Jelena Rothermel<\/p>\n<p align=\"left\">Bild: Barbara Aum\u00fcller<\/p>\n<p align=\"left\">Das Bild 1 (Gurlitt) zeigt: David Pichlmaier (Wozzeck), Anja Vincken (Marie), Oleksandr Prytolyuk (Tambourmajor), Opernchor<\/p>\n<p align=\"left\">Das Bild 2 (Berg) zeigt: Ralf Lukas (Wozzeck), Yamina Maamar (Marie)<\/p>\n","protected":false},"excerpt":{"rendered":"<p>Besuchte Auff\u00fchrung: 27. Oktober 2013 (Premiere)<br \/>\nWozzeck (Gurlitt)<\/p>\n<p>Solisten: David Pichlmaier (Wozzeck), Anja Vincken (Marie), Thomas Mehnert (Hauptmann), Lasse Penttinen (Doktor), Minseok Kim (Andres), Oleksandr Prytolyok (Tambourmajor)<\/p>\n<p>Wozzeck (Berg)<\/p>\n<p>Solisten: Ralf Lukas (Wozzeck), Joel Montero (Tambourmajor), Minseok Kim (Andres), Peter Koppelmann (Hauptmann), Thomas Mehnert (Doktor), Yamina Maamar (Marie) u. v. a.<\/p>\n<div class=\"read-more\"><a href=\"http:\/\/www.operapoint.com\/?p=5201\">Weiterlesen \u203a<\/a><\/div>\n<p><!-- end of .read-more --><\/p>\n","protected":false},"author":2,"featured_media":5204,"comment_status":"closed","ping_status":"open","sticky":false,"template":"","format":"standard","meta":{"footnotes":""},"categories":[93,1],"tags":[255,256,257],"class_list":["post-5201","post","type-post","status-publish","format-standard","has-post-thumbnail","hentry","category-darmstadt-staatstheater","category-allgemein","tag-buehnenbildner","tag-kostuembildner","tag-regisseur"],"_links":{"self":[{"href":"http:\/\/www.operapoint.com\/index.php?rest_route=\/wp\/v2\/posts\/5201","targetHints":{"allow":["GET"]}}],"collection":[{"href":"http:\/\/www.operapoint.com\/index.php?rest_route=\/wp\/v2\/posts"}],"about":[{"href":"http:\/\/www.operapoint.com\/index.php?rest_route=\/wp\/v2\/types\/post"}],"author":[{"embeddable":true,"href":"http:\/\/www.operapoint.com\/index.php?rest_route=\/wp\/v2\/users\/2"}],"replies":[{"embeddable":true,"href":"http:\/\/www.operapoint.com\/index.php?rest_route=%2Fwp%2Fv2%2Fcomments&post=5201"}],"version-history":[{"count":4,"href":"http:\/\/www.operapoint.com\/index.php?rest_route=\/wp\/v2\/posts\/5201\/revisions"}],"predecessor-version":[{"id":5207,"href":"http:\/\/www.operapoint.com\/index.php?rest_route=\/wp\/v2\/posts\/5201\/revisions\/5207"}],"wp:featuredmedia":[{"embeddable":true,"href":"http:\/\/www.operapoint.com\/index.php?rest_route=\/wp\/v2\/media\/5204"}],"wp:attachment":[{"href":"http:\/\/www.operapoint.com\/index.php?rest_route=%2Fwp%2Fv2%2Fmedia&parent=5201"}],"wp:term":[{"taxonomy":"category","embeddable":true,"href":"http:\/\/www.operapoint.com\/index.php?rest_route=%2Fwp%2Fv2%2Fcategories&post=5201"},{"taxonomy":"post_tag","embeddable":true,"href":"http:\/\/www.operapoint.com\/index.php?rest_route=%2Fwp%2Fv2%2Ftags&post=5201"}],"curies":[{"name":"wp","href":"https:\/\/api.w.org\/{rel}","templated":true}]}}